{"id":300,"date":"2009-01-08T09:52:00","date_gmt":"2009-01-08T07:52:00","guid":{"rendered":"http:\/\/www.michaelluethy.de\/scripts\/?p=300"},"modified":"2009-01-08T09:52:00","modified_gmt":"2009-01-08T07:52:00","slug":"arnold-gehlen-zeit-bilder-kommentarbeduerftigkeit-aesthetik-soziologie","status":"publish","type":"post","link":"https:\/\/michaelluethy.de\/scripts\/arnold-gehlen-zeit-bilder-kommentarbeduerftigkeit-aesthetik-soziologie\/","title":{"rendered":"Arnold Gehlen Zeit-Bilder Kommentarbed&#252;rftigkeit &#196;sthetik Soziologie"},"content":{"rendered":"<p align=\"right\"><a href=\"http:\/\/www.michaelluethy.de\/arnold-gehlen.pdf\"><span style=\"font-family: arial; font-size: xx-small;\">Arnold Gehlen &#8222;Zeit-Bilder&#8220; als Druckversion (PDF 412 KB) <\/span><\/a><\/p>\n<p><img loading=\"lazy\" decoding=\"async\" src=\"http:\/\/www.michaelluethy.de\/img\/pixel.gif\" alt=\"spacer\" width=\"10\" height=\"20\" \/><\/p>\n<h2>Die innere Galeere der Freiheit. Zu einigen Motiven in Arnold Gehlens &#8222;Zeit-Bildern&#8220;<\/h2>\n<p><small>in: Neue Z\u00fcrcher Zeitung, Nr. 159, 12.\/13.7.1997, S. 66.<\/small><\/p>\n<h3>Kapitel I: Einleitung<\/h3>\n<p>Im Vergleich zu Gehlens anthropologischen Schriften fand das 1960 erschienene kunstkritische Werk &#8222;Zeit-Bilder&#8220; wenig fachwissenschaftliche, daf\u00fcr umso breitere feuilletonistische Beachtung. Ob das an der theoretisch oft wenig ambitionierten Kunstwissenschaft oder eher an der &#8222;sonderbar verschl\u00fcsselten Beweisf\u00fchrung&#8220; (Hans-Georg Gadamer) des Buches selbst liegt, bleibe dahingestellt. Karriere machte haupts\u00e4chlich die These von der &#8222;Kommentarbed\u00fcrftigkeit&#8220; der modernen Kunst. Dagegen wurde bereits Verschiedenes vorgebracht, zuletzt von Walter Grasskamp in der &#8222;Zeit&#8220; (22. 11. 96). Die Rezeption konzentrierte sich allerdings auf die \u00e4sthetische Argumentation des Buches. Die fragw\u00fcrdigen soziologischen Thesen hingegen blieben ausgespart, obschon &#8222;Zeit-Bilder&#8220; den Untertitel &#8222;Zur Soziologie und \u00c4sthetik der modernen Kunst&#8220; tr\u00e4gt. Darauf soll hier der Blick gelenkt werden.<\/p>\n<table border=\"0\">\n<tbody>\n<tr>\n<td><img decoding=\"async\" src=\"http:\/\/www.michaelluethy.de\/img\/punkt.gif\" alt=\"Punkt Marcel Duchamp\" \/><\/td>\n<td><a href=\"http:\/\/www.michaelluethy.de\/scripts\/arnold-gehlen-zeit-bilder-kommentarbeduerftigkeit-aesthetik-soziologie\/\">Kapitel I: Einleitung<\/a><\/td>\n<\/tr>\n<tr>\n<td><img decoding=\"async\" src=\"http:\/\/www.michaelluethy.de\/img\/pfeil.gif\" alt=\"Marcel Duchamp Pfeil\" \/><\/td>\n<td><a href=\"http:\/\/www.michaelluethy.de\/scripts\/arnold-gehlen-mensch-maengelwesen-kunst-funktion\/\">Kapitel II: Die Kunst als F\u00fchrungselement<\/a><\/td>\n<\/tr>\n<tr>\n<td><\/td>\n<td><a href=\"http:\/\/www.michaelluethy.de\/scripts\/arnold-gehlen-nationalsozialismus-entartete-kunst-moderne\/\">Kapitel III: Stetigkeit des Denkens<\/a><\/td>\n<\/tr>\n<tr>\n<td style=\"width: 15px;\"><\/td>\n<td><img loading=\"lazy\" decoding=\"async\" src=\"http:\/\/www.michaelluethy.de\/img\/pixel.gif\" alt=\"spacer\" width=\"10\" height=\"20\" \/><\/td>\n<\/tr>\n<tr>\n<td style=\"width: 15px;\"><\/td>\n<td><a href=\"http:\/\/www.michaelluethy.de\/arnold-gehlen.pdf\">Arnold Gehlen &#8222;Zeit-Bilder&#8220; als Druckversion (PDF 412 KB) <\/a><\/td>\n<\/tr>\n<\/tbody>\n<\/table>\n","protected":false},"excerpt":{"rendered":"<p>Arnold Gehlen &#8222;Zeit-Bilder&#8220; als Druckversion (PDF 412 KB) Die innere Galeere der Freiheit. Zu einigen Motiven in Arnold Gehlens &#8222;Zeit-Bildern&#8220; in: Neue Z\u00fcrcher Zeitung, Nr. 159, 12.\/13.7.1997, S. 66. Kapitel I: Einleitung Im Vergleich zu Gehlens anthropologischen Schriften fand das 1960 erschienene kunstkritische Werk &#8222;Zeit-Bilder&#8220; wenig fachwissenschaftliche, daf\u00fcr umso breitere feuilletonistische Beachtung. Ob das an &hellip; <\/p>\n<p class=\"link-more\"><a href=\"https:\/\/michaelluethy.de\/scripts\/arnold-gehlen-zeit-bilder-kommentarbeduerftigkeit-aesthetik-soziologie\/\" class=\"more-link\"><span class=\"screen-reader-text\">\u201eArnold Gehlen Zeit-Bilder Kommentarbed&#252;rftigkeit &#196;sthetik Soziologie\u201c <\/span>weiterlesen<\/a><\/p>\n","protected":false},"author":1,"featured_media":0,"comment_status":"open","ping_status":"open","sticky":false,"template":"","format":"standard","meta":{"footnotes":""},"categories":[1],"tags":[],"class_list":["post-300","post","type-post","status-publish","format-standard","hentry","category-allgemein"],"_links":{"self":[{"href":"https:\/\/michaelluethy.de\/scripts\/wp-json\/wp\/v2\/posts\/300","targetHints":{"allow":["GET"]}}],"collection":[{"href":"https:\/\/michaelluethy.de\/scripts\/wp-json\/wp\/v2\/posts"}],"about":[{"href":"https:\/\/michaelluethy.de\/scripts\/wp-json\/wp\/v2\/types\/post"}],"author":[{"embeddable":true,"href":"https:\/\/michaelluethy.de\/scripts\/wp-json\/wp\/v2\/users\/1"}],"replies":[{"embeddable":true,"href":"https:\/\/michaelluethy.de\/scripts\/wp-json\/wp\/v2\/comments?post=300"}],"version-history":[{"count":0,"href":"https:\/\/michaelluethy.de\/scripts\/wp-json\/wp\/v2\/posts\/300\/revisions"}],"wp:attachment":[{"href":"https:\/\/michaelluethy.de\/scripts\/wp-json\/wp\/v2\/media?parent=300"}],"wp:term":[{"taxonomy":"category","embeddable":true,"href":"https:\/\/michaelluethy.de\/scripts\/wp-json\/wp\/v2\/categories?post=300"},{"taxonomy":"post_tag","embeddable":true,"href":"https:\/\/michaelluethy.de\/scripts\/wp-json\/wp\/v2\/tags?post=300"}],"curies":[{"name":"wp","href":"https:\/\/api.w.org\/{rel}","templated":true}]}}